{"id":1834,"date":"2025-05-20T11:49:53","date_gmt":"2025-05-20T11:49:53","guid":{"rendered":"https:\/\/minervainstitute.fi\/tvillingstudie-belyser-hur-mitokondrier-paverkar-genreglering-bakom-fetma\/"},"modified":"2025-05-20T11:49:53","modified_gmt":"2025-05-20T11:49:53","slug":"tvillingstudie-belyser-hur-mitokondrier-paverkar-genreglering-bakom-fetma","status":"publish","type":"post","link":"https:\/\/minervainstitute.fi\/sv\/tvillingstudie-belyser-hur-mitokondrier-paverkar-genreglering-bakom-fetma\/","title":{"rendered":"Tvillingstudie belyser hur mitokondrier p\u00e5verkar genreglering bakom fetma"},"content":{"rendered":"<div id=\"attachment_1818\" style=\"width: 475px\" class=\"wp-caption alignright\"><img decoding=\"async\" aria-describedby=\"caption-attachment-1818\" class=\"wp-image-1818 \" src=\"https:\/\/minervainstitute.fi\/wp-content\/uploads\/2025\/05\/Sini-preadiposyyttien-mitokondrioita-20052025-300x300.png\" alt=\"\" width=\"465\" height=\"465\" srcset=\"https:\/\/minervainstitute.fi\/wp-content\/uploads\/2025\/05\/Sini-preadiposyyttien-mitokondrioita-20052025-66x66.png 66w, https:\/\/minervainstitute.fi\/wp-content\/uploads\/2025\/05\/Sini-preadiposyyttien-mitokondrioita-20052025-150x150.png 150w, https:\/\/minervainstitute.fi\/wp-content\/uploads\/2025\/05\/Sini-preadiposyyttien-mitokondrioita-20052025-200x200.png 200w, https:\/\/minervainstitute.fi\/wp-content\/uploads\/2025\/05\/Sini-preadiposyyttien-mitokondrioita-20052025-300x300.png 300w, https:\/\/minervainstitute.fi\/wp-content\/uploads\/2025\/05\/Sini-preadiposyyttien-mitokondrioita-20052025-400x400.png 400w, https:\/\/minervainstitute.fi\/wp-content\/uploads\/2025\/05\/Sini-preadiposyyttien-mitokondrioita-20052025-600x599.png 600w, https:\/\/minervainstitute.fi\/wp-content\/uploads\/2025\/05\/Sini-preadiposyyttien-mitokondrioita-20052025-768x767.png 768w, https:\/\/minervainstitute.fi\/wp-content\/uploads\/2025\/05\/Sini-preadiposyyttien-mitokondrioita-20052025-800x799.png 800w, https:\/\/minervainstitute.fi\/wp-content\/uploads\/2025\/05\/Sini-preadiposyyttien-mitokondrioita-20052025-1024x1024.png 1024w, https:\/\/minervainstitute.fi\/wp-content\/uploads\/2025\/05\/Sini-preadiposyyttien-mitokondrioita-20052025.png 1098w\" sizes=\"(max-width: 465px) 100vw, 465px\" \/><p id=\"caption-attachment-1818\" class=\"wp-caption-text\"><span style=\"color: #800000;\">Mikroskopisk bild av differentierande humana adipocyter odlade i cellkultur. Mitokondrier som \u00e4r kopplade till varandra visas i r\u00f6tt, cellk\u00e4rnor i bl\u00e5tt och lipiddroppar i adipocyterna i gr\u00f6nt. Bild av Sini Heinonen.<\/span><\/p><\/div>\n<p><em>En ny tvillingstudie tyder p\u00e5 att minskad mitokondriell \u00e4mnesoms\u00e4ttning kan bidra till ansamling av kroppsfett och nedsatt insulink\u00e4nslighet, vilket i sin tur kan utl\u00f6sa kemiska DNA-modifikationer som f\u00f6r\u00e4ndrar genregleringen. Resultaten \u00f6ppnar nya v\u00e4gar f\u00f6r behandling av fetma genom att rikta in sig p\u00e5 mitokondriell \u00e4mnesoms\u00e4ttning eller epigenetisk reglering. <\/em><\/p>\n<p><em>Mitokondrierna &#8211; cellens \u201ckraftverk\u201d &#8211; spelar en central roll f\u00f6r energimetabolismen och den allm\u00e4nna h\u00e4lsan. Vid fetma och dess f\u00f6ljdsjukdomar \u00e4r den mitokondriella aktiviteten ofta nedsatt, men det har f\u00f6rblivit oklart om denna neds\u00e4ttning \u00f6kar risken f\u00f6r fetma eller om fetma i sig skadar mitokondrierna.<\/em><\/p>\n<p><em>Under ledning av <strong>Miina Ollikainen<\/strong> har forskare vid Medicinska Forskninsinstitutet Minerva och Helsingfors universitet l\u00f6st dessa komplexa orsakssamband genom att studera finska tvillingar. Deras resultat st\u00e4rker uppfattningen att en minskning av m\u00e4ngden mitokondrier bidrar till utvecklingen av fetma. <\/em><\/p>\n<p><em>Studien, som publicerades i Nature Communications, omfattade n\u00e4stan 90 finska tvillingpar. Eftersom tvillingar har samma genetiska bakgrund kan forskarna s\u00e4rskilja genetiska och milj\u00f6m\u00e4ssiga fakturer mer exakt \u00e4n i de flesta andra studiedesigner och kan anv\u00e4nda denna likhet f\u00f6r att statistiskt modellera orsakssamband.<\/em><\/p>\n<p><em>\u201cFetma \u00e4r en stor och v\u00e4xande utmaning f\u00f6r folkh\u00e4lsan i Finland. V\u00e5ra resultat ger en viktig inblick i hur en f\u00f6rs\u00e4mrad mitokondriell metabolism bidrar till fetma och sannolikt skapar en ond cirkel som uppr\u00e4tth\u00e5ller \u00f6vervikt och hindrar viktminskning\u201d, s\u00e4ger gruppledaren Miina Ollikainen. <\/em><\/p>\n<p><em>N\u00e4r forskargruppen j\u00e4mf\u00f6rde mitokondriernas antal med f\u00f6r\u00e4ndringar i DNA-metylering &#8211; en kemisk f\u00f6r\u00e4ndring som reglerar genernas aktivitet &#8211; var det en gen som stack ut. Ju mer \u00f6verviktig en person var &#8211; och ju f\u00e4rre mitokondrier som uppt\u00e4cktes i fettv\u00e4vnaden &#8211; desto mer aktiv var genen SH3BP4.<\/em><\/p>\n<p><em>\u201cV\u00e5ra data tyder p\u00e5 att n\u00e4r mitokondriernas \u00e4mnesoms\u00e4ttning f\u00f6rs\u00e4mras, t.ex. p\u00e5 grund av kalori\u00f6verskott, s\u00e4tts en \u00e5terkopplingsslinga ig\u00e5ng som fr\u00e4mjar fetma, vilket i sin tur kan aktivera SH3BP4\u201d, f\u00f6rklarar f\u00f6rstef\u00f6rfattaren och doktoranden <strong>Aino Heikkinen<\/strong> vid Minerva Foundation Institute for Medical Research och Helsingfors universitet.<\/em><\/p>\n<p><em>Eftersom fetma kan m\u00e4tas p\u00e5 m\u00e5nga olika s\u00e4tt \u00e4r det ofta sv\u00e5rt att j\u00e4mf\u00f6ra resultat fr\u00e5n olika studier.<\/em><\/p>\n<p><em>\u201cH\u00e4r kunde vi visa att s\u00e4rskilt nedsatt insulink\u00e4nslighet och en f\u00f6rh\u00f6jd andel kroppsfett \u2013 snarare \u00e4n enbart vikt\u00f6kning \u2013 h\u00e4nger samman b\u00e5de med mitokondriem\u00e4ngd och genreglering&#8221;, noterar f\u00f6rfattarna. <\/em><\/p>\n<p><em>F\u00f6r att kunna utveckla individanpassade behandlingar mot fetma kr\u00e4vs en djupg\u00e5ende f\u00f6rst\u00e5else av m\u00e5nga sammanfl\u00e4tade mekanismer, och detta arbete \u00e4r ett steg p\u00e5 v\u00e4gen mot detta m\u00e5l.<\/em><\/p>\n<hr>\n<p><strong><em>Originalpublikation<\/em><\/strong><\/p>\n<p><em>Heikkinen A, Esser VFC, Lee SHT, et al. \u201cTwin pair analysis uncovers links between DNA methylation, mitochondrial DNA quantity and obesity.\u201d <\/em><em>Nature Communications<\/em><em> 16, 4374 (2025). <\/em><a href=\"https:\/\/doi.org\/10.1038\/s41467-025-59576-7\"><em>https:\/\/doi.org\/10.1038\/s41467-025-59576-7<\/em><\/a><\/p>\n<hr>\n<p><strong><em>Ytterligare information<\/em><\/strong><\/p>\n<p><strong><em>Miina Ollikainen<\/em><\/strong><em><br \/>\nMedicinska Forskningsinstitutet Minerva, Helsingfors<br \/>\nInstitutet f\u00f6r molekyl\u00e4rmedicin i Finland (FIMM), HiLIFE, Helsingfors universitet<br \/>\nmiina.ollikainen@helsinki.fi | +358 50 415 1276<\/em><\/p>\n<p> <strong><em> Aino Heikkinen<\/em><\/strong><em><br \/>\nMedicinska Forskningsinstitutet Minerva, Helsingfors<br \/>\nInstitutet f\u00f6r molekyl\u00e4rmedicin i Finland (FIMM), HiLIFE, Helsingfors universitet<br \/>\naino.heikkinen@helsinki.fi<\/em><\/p>\n","protected":false},"excerpt":{"rendered":"<p>En ny tvillingstudie tyder p\u00e5 att minskad mitokondriell \u00e4mnesoms\u00e4ttning kan  [&#8230;]<\/p>\n","protected":false},"author":3,"featured_media":0,"comment_status":"open","ping_status":"open","sticky":false,"template":"","format":"standard","meta":{"footnotes":""},"categories":[6],"tags":[],"class_list":["post-1834","post","type-post","status-publish","format-standard","hentry","category-okategoriserad"],"_links":{"self":[{"href":"https:\/\/minervainstitute.fi\/sv\/wp-json\/wp\/v2\/posts\/1834","targetHints":{"allow":["GET"]}}],"collection":[{"href":"https:\/\/minervainstitute.fi\/sv\/wp-json\/wp\/v2\/posts"}],"about":[{"href":"https:\/\/minervainstitute.fi\/sv\/wp-json\/wp\/v2\/types\/post"}],"author":[{"embeddable":true,"href":"https:\/\/minervainstitute.fi\/sv\/wp-json\/wp\/v2\/users\/3"}],"replies":[{"embeddable":true,"href":"https:\/\/minervainstitute.fi\/sv\/wp-json\/wp\/v2\/comments?post=1834"}],"version-history":[{"count":0,"href":"https:\/\/minervainstitute.fi\/sv\/wp-json\/wp\/v2\/posts\/1834\/revisions"}],"wp:attachment":[{"href":"https:\/\/minervainstitute.fi\/sv\/wp-json\/wp\/v2\/media?parent=1834"}],"wp:term":[{"taxonomy":"category","embeddable":true,"href":"https:\/\/minervainstitute.fi\/sv\/wp-json\/wp\/v2\/categories?post=1834"},{"taxonomy":"post_tag","embeddable":true,"href":"https:\/\/minervainstitute.fi\/sv\/wp-json\/wp\/v2\/tags?post=1834"}],"curies":[{"name":"wp","href":"https:\/\/api.w.org\/{rel}","templated":true}]}}