{"id":1786,"date":"2025-04-11T10:29:57","date_gmt":"2025-04-11T10:29:57","guid":{"rendered":"https:\/\/minervainstitute.fi\/j-w-runebergs-pris-tilldelats-till-dan-lindholm\/"},"modified":"2025-04-11T11:42:06","modified_gmt":"2025-04-11T11:42:06","slug":"j-w-runebergs-pris-tilldelats-till-dan-lindholm","status":"publish","type":"post","link":"https:\/\/minervainstitute.fi\/sv\/j-w-runebergs-pris-tilldelats-till-dan-lindholm\/","title":{"rendered":"J.W. Runebergs pris tilldelats till Dan Lindholm"},"content":{"rendered":"<p><img decoding=\"async\" class=\" wp-image-202 alignleft\" src=\"https:\/\/minervainstitute.fi\/wp-content\/uploads\/2023\/12\/Dan_Lindholm-300x200.jpg\" alt=\"\" width=\"490\" height=\"326\" srcset=\"https:\/\/minervainstitute.fi\/wp-content\/uploads\/2023\/12\/Dan_Lindholm-200x133.jpg 200w, https:\/\/minervainstitute.fi\/wp-content\/uploads\/2023\/12\/Dan_Lindholm-300x200.jpg 300w, https:\/\/minervainstitute.fi\/wp-content\/uploads\/2023\/12\/Dan_Lindholm-400x266.jpg 400w, https:\/\/minervainstitute.fi\/wp-content\/uploads\/2023\/12\/Dan_Lindholm-600x399.jpg 600w, https:\/\/minervainstitute.fi\/wp-content\/uploads\/2023\/12\/Dan_Lindholm-768x511.jpg 768w, https:\/\/minervainstitute.fi\/wp-content\/uploads\/2023\/12\/Dan_Lindholm-800x532.jpg 800w, https:\/\/minervainstitute.fi\/wp-content\/uploads\/2023\/12\/Dan_Lindholm-1024x682.jpg 1024w, https:\/\/minervainstitute.fi\/wp-content\/uploads\/2023\/12\/Dan_Lindholm-1200x799.jpg 1200w, https:\/\/minervainstitute.fi\/wp-content\/uploads\/2023\/12\/Dan_Lindholm-1536x1022.jpg 1536w, https:\/\/minervainstitute.fi\/wp-content\/uploads\/2023\/12\/Dan_Lindholm.jpg 1803w\" sizes=\"(max-width: 490px) 100vw, 490px\" \/>J.W. Runebergs pris f\u00f6r \u00e5r 2025 har tilldelats professor Dan Lindholm f\u00f6r hans banbrytande insatser inom neurovetenskap och neurodegenerativa sjukdomar. I sin motivering f\u00f6r priset f\u00f6r Priskommitt\u00e9n fram bl.a. Dan Lindholms forskning om neurotrofa faktorer och om mitokondriernas och det endoplasmatiska n\u00e4tverkets funktioner vid hj\u00e4rnsjukdomar s\u00e5som Huntingtons, Parkinsons sjukdom, samt Amyotrofisk lateral skleros (ALS). Han har \u00e4ven studerat m\u00f6jligheter att identifiera potentiella farmakologiska molekyler och utveckla terapeutiska strategier f\u00f6r att f\u00f6rebygga och mildra neuronala skador i hj\u00e4rnan.<\/p>\n<p>\u201cJag \u00e4r mycket hedrad \u00f6ver priset och uttrycker mitt varma tack till alla kolleger samt medlemmar i arbetsgrupp som bidragit till forskningen\u201d, s\u00e4ger Dan Lindholm. Vesa Olkkonen, chef p\u00e5 Medicinska forskningsinstitutet Minerva, s\u00e4ger att \u201cdet \u00e4r utm\u00e4rkt att preklinisk forskning som denna uppm\u00e4rksammas d\u00e5 den i f\u00f6rl\u00e4gningen kan komma flera patienter till del.\u201d<\/p>\n<p>Dan Lindholm har varit gruppledare vid Max Planck Institutet f\u00f6r Psykiatri i Munchen, professor i neurobiologi vid Uppsala universitet, professor i cell och molekyl\u00e4r biologi vid Helsingfors universitet samt g\u00e4stprofessor p\u00e5 Harvard Medical School i Boston, och vid Link\u00f6ping universitet. Han har dessutom verkat som chef och forskningsgruppsledare vid Medicinska forskningsinstitutet Minerva.<\/p>\n<p><strong>J.W. Runebergs pris<\/strong><\/p>\n<p>Finska L\u00e4kares\u00e4llskapet utdelar vartannat \u00e5r J.W. Runebergs pris f\u00f6r framst\u00e5ende vetenskaplig verksamhet. Priset best\u00e5r av en medalj och ett penningbelopp. Johan Wilhelm Runeberg, nationalskaldens tredje son, var kirurg och professor i klinisk medicin vid Helsingfors universitet och donerade medel till detta pris \u00e5r 1902. Priset \u00e4r idag ett av de mest prestigefyllda medicinska priserna i landet.<\/p>\n","protected":false},"excerpt":{"rendered":"<p>J.W. Runebergs pris f\u00f6r \u00e5r 2025 har tilldelats professor Dan  [&#8230;]<\/p>\n","protected":false},"author":3,"featured_media":1790,"comment_status":"open","ping_status":"open","sticky":false,"template":"","format":"standard","meta":{"footnotes":""},"categories":[6],"tags":[],"class_list":["post-1786","post","type-post","status-publish","format-standard","has-post-thumbnail","hentry","category-okategoriserad"],"_links":{"self":[{"href":"https:\/\/minervainstitute.fi\/sv\/wp-json\/wp\/v2\/posts\/1786","targetHints":{"allow":["GET"]}}],"collection":[{"href":"https:\/\/minervainstitute.fi\/sv\/wp-json\/wp\/v2\/posts"}],"about":[{"href":"https:\/\/minervainstitute.fi\/sv\/wp-json\/wp\/v2\/types\/post"}],"author":[{"embeddable":true,"href":"https:\/\/minervainstitute.fi\/sv\/wp-json\/wp\/v2\/users\/3"}],"replies":[{"embeddable":true,"href":"https:\/\/minervainstitute.fi\/sv\/wp-json\/wp\/v2\/comments?post=1786"}],"version-history":[{"count":3,"href":"https:\/\/minervainstitute.fi\/sv\/wp-json\/wp\/v2\/posts\/1786\/revisions"}],"predecessor-version":[{"id":1796,"href":"https:\/\/minervainstitute.fi\/sv\/wp-json\/wp\/v2\/posts\/1786\/revisions\/1796"}],"wp:featuredmedia":[{"embeddable":true,"href":"https:\/\/minervainstitute.fi\/sv\/wp-json\/wp\/v2\/media\/1790"}],"wp:attachment":[{"href":"https:\/\/minervainstitute.fi\/sv\/wp-json\/wp\/v2\/media?parent=1786"}],"wp:term":[{"taxonomy":"category","embeddable":true,"href":"https:\/\/minervainstitute.fi\/sv\/wp-json\/wp\/v2\/categories?post=1786"},{"taxonomy":"post_tag","embeddable":true,"href":"https:\/\/minervainstitute.fi\/sv\/wp-json\/wp\/v2\/tags?post=1786"}],"curies":[{"name":"wp","href":"https:\/\/api.w.org\/{rel}","templated":true}]}}